{"id":3070,"date":"2022-02-13T22:11:01","date_gmt":"2022-02-13T22:11:01","guid":{"rendered":"https:\/\/dobrowolski.igf.edu.pl\/?p=3070"},"modified":"2022-02-14T22:11:18","modified_gmt":"2022-02-14T22:11:18","slug":"juz-wracac-czas","status":"publish","type":"post","link":"https:\/\/dobrowolski.igf.edu.pl\/?p=3070","title":{"rendered":"Ju\u017c wraca\u0107 czas"},"content":{"rendered":"\n<p><em>Po 5 tygodniach w stacji Dobrowolskiego<\/em>, <em>zako\u0144czy\u0142 si\u0119 drugi etap wyprawy. Nasi koledzy  bezpiecznie dotarli na pok\u0142ad &#8220;Akademika Fiodorowa&#8221;.<\/em><\/p>\n\n\n\n<!--more-->\n\n\n\n<h3 class=\"wp-block-heading\" id=\"96-dzien-wyprawy\">96 dzie\u0144 wyprawy<\/h3>\n\n\n\n<blockquote class=\"wp-block-quote is-layout-flow wp-block-quote-is-layout-flow\"><p>66\u00b016\u201929\u201d S, 100\u00b045,00\u201d E, Tz=-1C Tw=13, C Patm.= 988hP<\/p><p>O godzinie 7 rano Sergiej przyje\u017cd\u017ca \u201ewiesdiechodem\u201d kt\u00f3ry pozostawia nam na dwie godziny, aby\u015bmy za\u0142adowali go baga\u017cem, z kt\u00f3rym polecimy helikopterem. Plan jest taki, \u017ce pierwszym polskim lotem (a drugim w harmonogramie lot\u00f3w na dzi\u015b) poleci kontener, w drugim Monika i ja z baga\u017cem pok\u0142adowym, trzecim drugi kontener, a Adam i Wojtek polec\u0105 na statek po po\u0142udniu, razem z cz\u0119\u015bci\u0105 za\u0142ogi rosyjskiej. W kontenerach dowodzi Adam organizuj\u0105c za\u0142adunek, Monika prowadzi intendentur\u0119 i sprz\u0105ta kuchni\u0119, Wojtek dostarcza towar i wesp\u00f3\u0142 z Adamem sztauj\u0105 palety. \u015amig\u0142owiec ma odebra\u0107 pierwszy kontener ok. 11-tej, a o 10-tej jeszcze nie jest zamkni\u0119ty. W ko\u0144cu o 10.30 kontener jest zamkni\u0119ty. Razem mamy 3,5 tony baga\u017cu, w tym oko\u0142o p\u00f3\u0142 tony \u015bmieci. Ja czuj\u0119, \u017ce opadam z si\u0142.<\/p><p>Dalej wydarzenia tocz\u0105 si\u0119 jak w s\u0142abym horrorze. Chaos, plazma i papka. Z Monik\u0105 \u015bci\u0105gam flagi, cho\u0107 to Wojtkowi nale\u017ca\u0142 si\u0119 ten honor jako najm\u0142odszemu w ekipie. Wojtek krzyczy, \u017ce nadci\u0105ga helikopter, Adam rozkazuje zbiera\u0107 wszystko co mo\u017ce fruwa\u0107. \u0141api\u0119 puste kanistry i biegiem do agregatowni (poprzednio pisa\u0142em agregatorni, ale s\u0142ownik uparcie poprawia, wi\u0119c daj\u0119 spok\u00f3j). Jeszcze jakie\u015b po\u0142amane deski, kt\u00f3re odruchowo rzucam od zawietrznej \u201eKrakowa\u201d, jakby mia\u0142 nadci\u0105gn\u0105\u0107 wiatr ze wschodu (stale stamt\u0105d wieje), a to przecie\u017c helikopter, wi\u0119c b\u0119dzie wia\u0142o zewsz\u0105d naraz. Zbieram co popadnie i przygniatam kamieniami, po czym wskakuj\u0119 do sieni \u201eKrakowa\u201d, sk\u0105d mam widok na kontener. Wyci\u0105gam kom\u00f3rk\u0119 i zaczynam filmowa\u0107. Wiatr od \u015bmigie\u0142 coraz wi\u0119kszy, wznieca py\u0142 i kurz, potem piasek i drobne kamienie. Zaczyna te\u017c fruwa\u0107 to wszystko, czego nie zd\u0105\u017cyli\u015bmy ukry\u0107. Najwi\u0119ksze zdumienie wywo\u0142uje widok lec\u0105cego w powietrzu banneru z logo i nazw\u0105 naszego Instytutu. Wojtek i Adam padaj\u0105 na ziemi\u0119 i czekaj\u0105, a\u017c hak zaczepowy \u015bmig\u0142owca dotknie gruntu. To wa\u017cne aby nie dotkn\u0105\u0107 haka przed uziemieniem i odprowadzeniem \u0142adunk\u00f3w elektrycznych z helikoptera. Inaczej mo\u017cna zosta\u0107 pora\u017cony pr\u0105dem, z przykrymi konsekwencjami dla organizmu. Nadal trzymam kom\u00f3rk\u0119, kt\u00f3ra ca\u0142y czas ra\u017cona jest piaskiem i kamykami. A\u017c dziw, \u017ce nadal dzia\u0142a. Tylko po co sta\u0142em z ni\u0105 w otwartych drzwiach, skoro mog\u0142em to wszystko nagra\u0107 przez okienko \u201eKrakowa\u201d, spokojnie, bez deszczu kamieni i bez dr\u017cenia r\u0105k? Adrenalina wy\u0142\u0105cza my\u015blenie. Po uziemieniu, Adam chwyta za hak i zaczepia go na p\u0119tlach stalowych lin, kt\u00f3re ud\u017awign\u0105 kontener. Przez chwil\u0119 liny pozostaj\u0105 napr\u0119\u017cone, po czym kontener unosi si\u0119 powoli na trzydzie\u015bci metr\u00f3w i odlatuje. Wiatr ustaje. Wojtek przynosi banner z kilkudziesi\u0119ciu metr\u00f3w. Logo jest nietkni\u0119te, nazwa czytelna. Taki niby zwyk\u0142y banner, a tyle do\u015bwiadczy\u0142. Nitowanie do kontenera w Warszawie, podr\u00f3\u017c TIRem przez Polske i Niemcy, a potem statkiem przez p\u00f3\u0142 globu, helikopterem nad lodowcem szelfowym, twarde l\u0105dowanie w Oazie Bungera, pi\u0119\u0107 tygodni w zimnie i na wietrze, a na koniec fruwanie nad Oaz\u0105, by w finale spocz\u0105\u0107 lekko pomi\u0119ty w salonie budynku \u201eKrak\u00f3w\u201d. A i to jeszcze mo\u017ce nie by\u0107 koniec jego przyg\u00f3d.<\/p><p>Odlatujemy z Monik\u0105 ok. 14-tej, po p\u00f3\u0142 godzinie jeste\u015bmy na pok\u0142adzie lodo\u0142amacza \u201eAkademik Fedorov\u201d. Rosjanie pomagaj\u0105 przenie\u015b\u0107 nam p\u00f3\u0142 tony baga\u017cu pok\u0142adowego do kabin. Ciep\u0142y prysznic wie\u0144czy moje pi\u0119\u0107 tygodni w stacji Dobrowolskiego. Sze\u015b\u0107 godzin p\u00f3\u017aniej dolatuj\u0105 Adam i Wojtek, kt\u00f3rzy zamykali budynki, s\u0142ysz\u0105c ju\u017c nadlatuj\u0105cy po nich helikopter. Na ostatni\u0105 minut\u0119, ale zd\u0105\u017cyli. Adam m\u00f3wi \u201eko\u0144c\u00f3wka to jazda po bandzie\u201d. Czujemy si\u0119 jakby przejecha\u0142 po nas walec. Nie mamy si\u0142y rozmawia\u0107 . Tak sko\u0144czy\u0142 si\u0119 drugi etap naszej podr\u00f3\u017cy. Teraz tylko spa\u0107.<\/p><p><em>Przes\u0142ane przez Marka Lewandowskiego<\/em><\/p><\/blockquote>\n","protected":false},"excerpt":{"rendered":"<p>Po 5 tygodniach w stacji Dobrowolskiego, zako\u0144czy\u0142 si\u0119 drugi etap wyprawy. Nasi koledzy bezpiecznie dotarli na pok\u0142ad &#8220;Akademika Fiodorowa&#8221;.<\/p>\n","protected":false},"author":4,"featured_media":0,"comment_status":"closed","ping_status":"open","sticky":false,"template":"","format":"standard","meta":{"footnotes":""},"categories":[73],"tags":[],"class_list":["post-3070","post","type-post","status-publish","format-standard","hentry","category-aktualnosci"],"_links":{"self":[{"href":"https:\/\/dobrowolski.igf.edu.pl\/index.php?rest_route=\/wp\/v2\/posts\/3070","targetHints":{"allow":["GET"]}}],"collection":[{"href":"https:\/\/dobrowolski.igf.edu.pl\/index.php?rest_route=\/wp\/v2\/posts"}],"about":[{"href":"https:\/\/dobrowolski.igf.edu.pl\/index.php?rest_route=\/wp\/v2\/types\/post"}],"author":[{"embeddable":true,"href":"https:\/\/dobrowolski.igf.edu.pl\/index.php?rest_route=\/wp\/v2\/users\/4"}],"replies":[{"embeddable":true,"href":"https:\/\/dobrowolski.igf.edu.pl\/index.php?rest_route=%2Fwp%2Fv2%2Fcomments&post=3070"}],"version-history":[{"count":1,"href":"https:\/\/dobrowolski.igf.edu.pl\/index.php?rest_route=\/wp\/v2\/posts\/3070\/revisions"}],"predecessor-version":[{"id":3073,"href":"https:\/\/dobrowolski.igf.edu.pl\/index.php?rest_route=\/wp\/v2\/posts\/3070\/revisions\/3073"}],"wp:attachment":[{"href":"https:\/\/dobrowolski.igf.edu.pl\/index.php?rest_route=%2Fwp%2Fv2%2Fmedia&parent=3070"}],"wp:term":[{"taxonomy":"category","embeddable":true,"href":"https:\/\/dobrowolski.igf.edu.pl\/index.php?rest_route=%2Fwp%2Fv2%2Fcategories&post=3070"},{"taxonomy":"post_tag","embeddable":true,"href":"https:\/\/dobrowolski.igf.edu.pl\/index.php?rest_route=%2Fwp%2Fv2%2Ftags&post=3070"}],"curies":[{"name":"wp","href":"https:\/\/api.w.org\/{rel}","templated":true}]}}